{"id":5121,"date":"2025-01-17T20:03:51","date_gmt":"2025-01-17T20:03:51","guid":{"rendered":"https:\/\/ladental.com.ar\/?p=5121"},"modified":"2025-01-17T20:19:15","modified_gmt":"2025-01-17T20:19:15","slug":"sdf","status":"publish","type":"post","link":"http:\/\/ladental.com.ar\/en\/sdf\/","title":{"rendered":"CURSO DE CONFORMACI\u00d3N MOTORIZADA Y RETRATAMIENTO EN LA CL\u00cdNICA DIARIA"},"content":{"rendered":"<p>Comienza el 2025 a full, y la 43a edici\u00f3n del Curso de Conformaci\u00f3n Motorizada y Retratamiento en la Cl\u00ednica Diaria llega a nuestro centro. Junto al Od. Carlos G. Puente y al Od. Alejandro Jaime. Te esperamos este 17, 18 y 19 de marzo. Acced\u00e9 de forma individual o conjunta.<\/p>\n\n\n\n<p>TEMARIO Conformaci\u00f3n Motorizada (17 y 18 de marzo):<\/p>\n\n\n\n<ul class=\"wp-block-list\">\n<li>NiTi Metalograf\u00eda. Instrumentos.<\/li>\n\n\n\n<li>Dise\u00f1o y Modo de empleo.<\/li>\n\n\n\n<li>Usos cl\u00ednicos de instrumentos tratados t\u00e9rmicamente.<\/li>\n\n\n\n<li>Localizadores apicales.<\/li>\n\n\n\n<li>Motores h\u00edbridos y abiertos.<\/li>\n\n\n\n<li>Ultrasonido. Usos en Endodoncia.<\/li>\n\n\n\n<li>Obturaci\u00f3n con biocer\u00e1micos.<\/li>\n<\/ul>\n\n\n\n<p>TEMARIO Retratamiento en la Cl\u00ednica Diaria (19 de marzo):<\/p>\n\n\n\n<ul class=\"wp-block-list\">\n<li>\u00c9xitos y fracasos.<\/li>\n\n\n\n<li>Diagn\u00f3stico en retratamiento.<\/li>\n\n\n\n<li>Estrategia y planificaci\u00f3n.<\/li>\n\n\n\n<li>Acceso cameral.<\/li>\n\n\n\n<li>Rectificaci\u00f3n.<\/li>\n\n\n\n<li>Conductos omitidos.<\/li>\n\n\n\n<li>Ultrasonido.<\/li>\n\n\n\n<li>Acceso cervical.<\/li>\n\n\n\n<li>Pernos y postes.<\/li>\n\n\n\n<li>Reconformaci\u00f3n y correcci\u00f3n de escalones.<\/li>\n\n\n\n<li>Retiro de gutapercha. Diferentes m\u00e9todos.<\/li>\n\n\n\n<li>Acceso apical.<\/li>\n\n\n\n<li>Permeabilizaci\u00f3n mec\u00e1nica o qu\u00edmica de gutapercha.<\/li>\n\n\n\n<li>Detecci\u00f3n, pasaje y liberaci\u00f3n de escalones.<\/li>\n\n\n\n<li>Permeabilizaci\u00f3n apical \u2013 Conductometr\u00eda.<\/li>\n\n\n\n<li>Glide path.<\/li>\n\n\n\n<li>Re conformaci\u00f3n final.<\/li>\n\n\n\n<li>Limpieza, tratamiento final de residuos, decontaminaci\u00f3n.<\/li>\n\n\n\n<li>Obturaci\u00f3n \u201cLa nueva cavidad endod\u00f3ntica\u201d.<\/li>\n\n\n\n<li>Conicidad. Calibre.<\/li>\n\n\n\n<li>Foramen alterado.<\/li>\n\n\n\n<li>By pass de instrumentos fracturados.<\/li>\n\n\n\n<li>Biocer\u00e1micos en retratamiento.<\/li>\n\n\n\n<li>Stop apical.<\/li>\n<\/ul>","protected":false},"excerpt":{"rendered":"<p>Comienza el 2025 a full, y la 43a edici\u00f3n del Curso de Conformaci\u00f3n Motorizada y Retratamiento en la Cl\u00ednica Diaria llega a nuestro centro. Junto al Od. Carlos G. Puente y al Od. Alejandro Jaime. Te esperamos este 17, 18 y 19 de marzo. Acced\u00e9 de forma individual o conjunta. TEMARIO Conformaci\u00f3n Motorizada (17 y [&hellip;]<\/p>\n","protected":false},"author":2,"featured_media":5105,"comment_status":"open","ping_status":"open","sticky":false,"template":"","format":"standard","meta":{"footnotes":""},"categories":[210],"tags":[122,119,126],"class_list":["post-5121","post","type-post","status-publish","format-standard","has-post-thumbnail","hentry","category-endodoncia","tag-curso","tag-endodoncia","tag-ladental"],"yoast_head":"<!-- This site is optimized with the Yoast SEO plugin v27.5 - https:\/\/yoast.com\/product\/yoast-seo-wordpress\/ -->\n<title>CURSO DE CONFORMACI\u00d3N MOTORIZADA Y RETRATAMIENTO EN LA CL\u00cdNICA DIARIA - LA DENTAL<\/title>\n<meta name=\"robots\" content=\"index, follow, max-snippet:-1, max-image-preview:large, max-video-preview:-1\" \/>\n<link rel=\"canonical\" href=\"https:\/\/ladental.com.ar\/en\/sdf\/\" \/>\n<meta property=\"og:locale\" content=\"en_GB\" \/>\n<meta property=\"og:type\" content=\"article\" \/>\n<meta property=\"og:title\" content=\"CURSO DE CONFORMACI\u00d3N MOTORIZADA Y RETRATAMIENTO EN LA CL\u00cdNICA DIARIA - LA DENTAL\" \/>\n<meta property=\"og:description\" content=\"Comienza el 2025 a full, y la 43a edici\u00f3n del Curso de Conformaci\u00f3n Motorizada y Retratamiento en la Cl\u00ednica Diaria llega a nuestro centro. Junto al Od. Carlos G. Puente y al Od. Alejandro Jaime. Te esperamos este 17, 18 y 19 de marzo. Acced\u00e9 de forma individual o conjunta. TEMARIO Conformaci\u00f3n Motorizada (17 y [&hellip;]\" \/>\n<meta property=\"og:url\" content=\"https:\/\/ladental.com.ar\/en\/sdf\/\" \/>\n<meta property=\"og:site_name\" content=\"LA DENTAL\" \/>\n<meta property=\"article:published_time\" content=\"2025-01-17T20:03:51+00:00\" \/>\n<meta property=\"article:modified_time\" content=\"2025-01-17T20:19:15+00:00\" \/>\n<meta property=\"og:image\" content=\"https:\/\/ladental.com.ar\/wp-content\/uploads\/2025\/01\/Dr-Endo-y-Retra_Horizontal--scaled.jpg\" \/>\n\t<meta property=\"og:image:width\" content=\"2560\" \/>\n\t<meta property=\"og:image:height\" content=\"1440\" \/>\n\t<meta property=\"og:image:type\" content=\"image\/jpeg\" \/>\n<meta name=\"author\" content=\"ladental\" \/>\n<meta name=\"twitter:card\" content=\"summary_large_image\" \/>\n<meta name=\"twitter:label1\" content=\"Written by\" \/>\n\t<meta name=\"twitter:data1\" content=\"ladental\" \/>\n\t<meta name=\"twitter:label2\" content=\"Estimated reading time\" \/>\n\t<meta name=\"twitter:data2\" content=\"1 minute\" \/>\n<script type=\"application\/ld+json\" class=\"yoast-schema-graph\">{\"@context\":\"https:\\\/\\\/schema.org\",\"@graph\":[{\"@type\":\"Article\",\"@id\":\"https:\\\/\\\/ladental.com.ar\\\/sdf\\\/#article\",\"isPartOf\":{\"@id\":\"https:\\\/\\\/ladental.com.ar\\\/sdf\\\/\"},\"author\":{\"name\":\"ladental\",\"@id\":\"https:\\\/\\\/ladental.com.ar\\\/#\\\/schema\\\/person\\\/c5dda3a703dd2fe6ff4421897a85bc76\"},\"headline\":\"CURSO DE CONFORMACI\u00d3N MOTORIZADA Y RETRATAMIENTO EN LA CL\u00cdNICA DIARIA\",\"datePublished\":\"2025-01-17T20:03:51+00:00\",\"dateModified\":\"2025-01-17T20:19:15+00:00\",\"mainEntityOfPage\":{\"@id\":\"https:\\\/\\\/ladental.com.ar\\\/sdf\\\/\"},\"wordCount\":206,\"commentCount\":0,\"publisher\":{\"@id\":\"https:\\\/\\\/ladental.com.ar\\\/#organization\"},\"image\":{\"@id\":\"https:\\\/\\\/ladental.com.ar\\\/sdf\\\/#primaryimage\"},\"thumbnailUrl\":\"http:\\\/\\\/ladental.com.ar\\\/wp-content\\\/uploads\\\/2025\\\/01\\\/Dr-Endo-y-Retra_Horizontal--scaled.jpg\",\"keywords\":[\"curso\",\"endodoncia\",\"ladental\"],\"articleSection\":[\"Endodoncia\"],\"inLanguage\":\"en-GB\",\"potentialAction\":[{\"@type\":\"CommentAction\",\"name\":\"Comment\",\"target\":[\"https:\\\/\\\/ladental.com.ar\\\/sdf\\\/#respond\"]}]},{\"@type\":\"WebPage\",\"@id\":\"https:\\\/\\\/ladental.com.ar\\\/sdf\\\/\",\"url\":\"https:\\\/\\\/ladental.com.ar\\\/sdf\\\/\",\"name\":\"CURSO DE CONFORMACI\u00d3N MOTORIZADA Y RETRATAMIENTO EN LA CL\u00cdNICA DIARIA - LA DENTAL\",\"isPartOf\":{\"@id\":\"https:\\\/\\\/ladental.com.ar\\\/#website\"},\"primaryImageOfPage\":{\"@id\":\"https:\\\/\\\/ladental.com.ar\\\/sdf\\\/#primaryimage\"},\"image\":{\"@id\":\"https:\\\/\\\/ladental.com.ar\\\/sdf\\\/#primaryimage\"},\"thumbnailUrl\":\"http:\\\/\\\/ladental.com.ar\\\/wp-content\\\/uploads\\\/2025\\\/01\\\/Dr-Endo-y-Retra_Horizontal--scaled.jpg\",\"datePublished\":\"2025-01-17T20:03:51+00:00\",\"dateModified\":\"2025-01-17T20:19:15+00:00\",\"breadcrumb\":{\"@id\":\"https:\\\/\\\/ladental.com.ar\\\/sdf\\\/#breadcrumb\"},\"inLanguage\":\"en-GB\",\"potentialAction\":[{\"@type\":\"ReadAction\",\"target\":[\"https:\\\/\\\/ladental.com.ar\\\/sdf\\\/\"]}]},{\"@type\":\"ImageObject\",\"inLanguage\":\"en-GB\",\"@id\":\"https:\\\/\\\/ladental.com.ar\\\/sdf\\\/#primaryimage\",\"url\":\"http:\\\/\\\/ladental.com.ar\\\/wp-content\\\/uploads\\\/2025\\\/01\\\/Dr-Endo-y-Retra_Horizontal--scaled.jpg\",\"contentUrl\":\"http:\\\/\\\/ladental.com.ar\\\/wp-content\\\/uploads\\\/2025\\\/01\\\/Dr-Endo-y-Retra_Horizontal--scaled.jpg\",\"width\":2560,\"height\":1440},{\"@type\":\"BreadcrumbList\",\"@id\":\"https:\\\/\\\/ladental.com.ar\\\/sdf\\\/#breadcrumb\",\"itemListElement\":[{\"@type\":\"ListItem\",\"position\":1,\"name\":\"Portada\",\"item\":\"https:\\\/\\\/ladental.com.ar\\\/\"},{\"@type\":\"ListItem\",\"position\":2,\"name\":\"CURSO DE CONFORMACI\u00d3N MOTORIZADA Y RETRATAMIENTO EN LA CL\u00cdNICA DIARIA\"}]},{\"@type\":\"WebSite\",\"@id\":\"https:\\\/\\\/ladental.com.ar\\\/#website\",\"url\":\"https:\\\/\\\/ladental.com.ar\\\/\",\"name\":\"LA DENTAL\",\"description\":\"TECNOLOG\u00cdA EN INSUMOS ODONTOL\u00d3GICOS\",\"publisher\":{\"@id\":\"https:\\\/\\\/ladental.com.ar\\\/#organization\"},\"potentialAction\":[{\"@type\":\"SearchAction\",\"target\":{\"@type\":\"EntryPoint\",\"urlTemplate\":\"https:\\\/\\\/ladental.com.ar\\\/?s={search_term_string}\"},\"query-input\":{\"@type\":\"PropertyValueSpecification\",\"valueRequired\":true,\"valueName\":\"search_term_string\"}}],\"inLanguage\":\"en-GB\"},{\"@type\":\"Organization\",\"@id\":\"https:\\\/\\\/ladental.com.ar\\\/#organization\",\"name\":\"LA DENTAL SRL\",\"url\":\"https:\\\/\\\/ladental.com.ar\\\/\",\"logo\":{\"@type\":\"ImageObject\",\"inLanguage\":\"en-GB\",\"@id\":\"https:\\\/\\\/ladental.com.ar\\\/#\\\/schema\\\/logo\\\/image\\\/\",\"url\":\"https:\\\/\\\/ladental.com.ar\\\/wp-content\\\/uploads\\\/2021\\\/10\\\/logocolor.png\",\"contentUrl\":\"https:\\\/\\\/ladental.com.ar\\\/wp-content\\\/uploads\\\/2021\\\/10\\\/logocolor.png\",\"width\":1276,\"height\":829,\"caption\":\"LA DENTAL SRL\"},\"image\":{\"@id\":\"https:\\\/\\\/ladental.com.ar\\\/#\\\/schema\\\/logo\\\/image\\\/\"}},{\"@type\":\"Person\",\"@id\":\"https:\\\/\\\/ladental.com.ar\\\/#\\\/schema\\\/person\\\/c5dda3a703dd2fe6ff4421897a85bc76\",\"name\":\"ladental\",\"image\":{\"@type\":\"ImageObject\",\"inLanguage\":\"en-GB\",\"@id\":\"https:\\\/\\\/secure.gravatar.com\\\/avatar\\\/3f6d1c8e96d5df8231356e9eb346b58b609c62eb83049613dd809005db905593?s=96&d=mm&r=g\",\"url\":\"https:\\\/\\\/secure.gravatar.com\\\/avatar\\\/3f6d1c8e96d5df8231356e9eb346b58b609c62eb83049613dd809005db905593?s=96&d=mm&r=g\",\"contentUrl\":\"https:\\\/\\\/secure.gravatar.com\\\/avatar\\\/3f6d1c8e96d5df8231356e9eb346b58b609c62eb83049613dd809005db905593?s=96&d=mm&r=g\",\"caption\":\"ladental\"}}]}<\/script>\n<!-- \/ Yoast SEO plugin. -->","yoast_head_json":{"title":"CURSO DE CONFORMACI\u00d3N MOTORIZADA Y RETRATAMIENTO EN LA CL\u00cdNICA DIARIA - LA DENTAL","robots":{"index":"index","follow":"follow","max-snippet":"max-snippet:-1","max-image-preview":"max-image-preview:large","max-video-preview":"max-video-preview:-1"},"canonical":"https:\/\/ladental.com.ar\/en\/sdf\/","og_locale":"en_GB","og_type":"article","og_title":"CURSO DE CONFORMACI\u00d3N MOTORIZADA Y RETRATAMIENTO EN LA CL\u00cdNICA DIARIA - LA DENTAL","og_description":"Comienza el 2025 a full, y la 43a edici\u00f3n del Curso de Conformaci\u00f3n Motorizada y Retratamiento en la Cl\u00ednica Diaria llega a nuestro centro. Junto al Od. Carlos G. Puente y al Od. Alejandro Jaime. Te esperamos este 17, 18 y 19 de marzo. Acced\u00e9 de forma individual o conjunta. TEMARIO Conformaci\u00f3n Motorizada (17 y [&hellip;]","og_url":"https:\/\/ladental.com.ar\/en\/sdf\/","og_site_name":"LA DENTAL","article_published_time":"2025-01-17T20:03:51+00:00","article_modified_time":"2025-01-17T20:19:15+00:00","og_image":[{"width":2560,"height":1440,"url":"https:\/\/ladental.com.ar\/wp-content\/uploads\/2025\/01\/Dr-Endo-y-Retra_Horizontal--scaled.jpg","type":"image\/jpeg"}],"author":"ladental","twitter_card":"summary_large_image","twitter_misc":{"Written by":"ladental","Estimated reading time":"1 minute"},"schema":{"@context":"https:\/\/schema.org","@graph":[{"@type":"Article","@id":"https:\/\/ladental.com.ar\/sdf\/#article","isPartOf":{"@id":"https:\/\/ladental.com.ar\/sdf\/"},"author":{"name":"ladental","@id":"https:\/\/ladental.com.ar\/#\/schema\/person\/c5dda3a703dd2fe6ff4421897a85bc76"},"headline":"CURSO DE CONFORMACI\u00d3N MOTORIZADA Y RETRATAMIENTO EN LA CL\u00cdNICA DIARIA","datePublished":"2025-01-17T20:03:51+00:00","dateModified":"2025-01-17T20:19:15+00:00","mainEntityOfPage":{"@id":"https:\/\/ladental.com.ar\/sdf\/"},"wordCount":206,"commentCount":0,"publisher":{"@id":"https:\/\/ladental.com.ar\/#organization"},"image":{"@id":"https:\/\/ladental.com.ar\/sdf\/#primaryimage"},"thumbnailUrl":"http:\/\/ladental.com.ar\/wp-content\/uploads\/2025\/01\/Dr-Endo-y-Retra_Horizontal--scaled.jpg","keywords":["curso","endodoncia","ladental"],"articleSection":["Endodoncia"],"inLanguage":"en-GB","potentialAction":[{"@type":"CommentAction","name":"Comment","target":["https:\/\/ladental.com.ar\/sdf\/#respond"]}]},{"@type":"WebPage","@id":"https:\/\/ladental.com.ar\/sdf\/","url":"https:\/\/ladental.com.ar\/sdf\/","name":"CURSO DE CONFORMACI\u00d3N MOTORIZADA Y RETRATAMIENTO EN LA CL\u00cdNICA DIARIA - LA DENTAL","isPartOf":{"@id":"https:\/\/ladental.com.ar\/#website"},"primaryImageOfPage":{"@id":"https:\/\/ladental.com.ar\/sdf\/#primaryimage"},"image":{"@id":"https:\/\/ladental.com.ar\/sdf\/#primaryimage"},"thumbnailUrl":"http:\/\/ladental.com.ar\/wp-content\/uploads\/2025\/01\/Dr-Endo-y-Retra_Horizontal--scaled.jpg","datePublished":"2025-01-17T20:03:51+00:00","dateModified":"2025-01-17T20:19:15+00:00","breadcrumb":{"@id":"https:\/\/ladental.com.ar\/sdf\/#breadcrumb"},"inLanguage":"en-GB","potentialAction":[{"@type":"ReadAction","target":["https:\/\/ladental.com.ar\/sdf\/"]}]},{"@type":"ImageObject","inLanguage":"en-GB","@id":"https:\/\/ladental.com.ar\/sdf\/#primaryimage","url":"http:\/\/ladental.com.ar\/wp-content\/uploads\/2025\/01\/Dr-Endo-y-Retra_Horizontal--scaled.jpg","contentUrl":"http:\/\/ladental.com.ar\/wp-content\/uploads\/2025\/01\/Dr-Endo-y-Retra_Horizontal--scaled.jpg","width":2560,"height":1440},{"@type":"BreadcrumbList","@id":"https:\/\/ladental.com.ar\/sdf\/#breadcrumb","itemListElement":[{"@type":"ListItem","position":1,"name":"Portada","item":"https:\/\/ladental.com.ar\/"},{"@type":"ListItem","position":2,"name":"CURSO DE CONFORMACI\u00d3N MOTORIZADA Y RETRATAMIENTO EN LA CL\u00cdNICA DIARIA"}]},{"@type":"WebSite","@id":"https:\/\/ladental.com.ar\/#website","url":"https:\/\/ladental.com.ar\/","name":"LA DENTAL","description":"TECHNOLOGY IN DENTAL PRODUCTS","publisher":{"@id":"https:\/\/ladental.com.ar\/#organization"},"potentialAction":[{"@type":"SearchAction","target":{"@type":"EntryPoint","urlTemplate":"https:\/\/ladental.com.ar\/?s={search_term_string}"},"query-input":{"@type":"PropertyValueSpecification","valueRequired":true,"valueName":"search_term_string"}}],"inLanguage":"en-GB"},{"@type":"Organization","@id":"https:\/\/ladental.com.ar\/#organization","name":"LA DENTAL SRL","url":"https:\/\/ladental.com.ar\/","logo":{"@type":"ImageObject","inLanguage":"en-GB","@id":"https:\/\/ladental.com.ar\/#\/schema\/logo\/image\/","url":"https:\/\/ladental.com.ar\/wp-content\/uploads\/2021\/10\/logocolor.png","contentUrl":"https:\/\/ladental.com.ar\/wp-content\/uploads\/2021\/10\/logocolor.png","width":1276,"height":829,"caption":"LA DENTAL SRL"},"image":{"@id":"https:\/\/ladental.com.ar\/#\/schema\/logo\/image\/"}},{"@type":"Person","@id":"https:\/\/ladental.com.ar\/#\/schema\/person\/c5dda3a703dd2fe6ff4421897a85bc76","name":"ladental","image":{"@type":"ImageObject","inLanguage":"en-GB","@id":"https:\/\/secure.gravatar.com\/avatar\/3f6d1c8e96d5df8231356e9eb346b58b609c62eb83049613dd809005db905593?s=96&d=mm&r=g","url":"https:\/\/secure.gravatar.com\/avatar\/3f6d1c8e96d5df8231356e9eb346b58b609c62eb83049613dd809005db905593?s=96&d=mm&r=g","contentUrl":"https:\/\/secure.gravatar.com\/avatar\/3f6d1c8e96d5df8231356e9eb346b58b609c62eb83049613dd809005db905593?s=96&d=mm&r=g","caption":"ladental"}}]}},"_links":{"self":[{"href":"http:\/\/ladental.com.ar\/en\/wp-json\/wp\/v2\/posts\/5121","targetHints":{"allow":["GET"]}}],"collection":[{"href":"http:\/\/ladental.com.ar\/en\/wp-json\/wp\/v2\/posts"}],"about":[{"href":"http:\/\/ladental.com.ar\/en\/wp-json\/wp\/v2\/types\/post"}],"author":[{"embeddable":true,"href":"http:\/\/ladental.com.ar\/en\/wp-json\/wp\/v2\/users\/2"}],"replies":[{"embeddable":true,"href":"http:\/\/ladental.com.ar\/en\/wp-json\/wp\/v2\/comments?post=5121"}],"version-history":[{"count":2,"href":"http:\/\/ladental.com.ar\/en\/wp-json\/wp\/v2\/posts\/5121\/revisions"}],"predecessor-version":[{"id":5126,"href":"http:\/\/ladental.com.ar\/en\/wp-json\/wp\/v2\/posts\/5121\/revisions\/5126"}],"wp:featuredmedia":[{"embeddable":true,"href":"http:\/\/ladental.com.ar\/en\/wp-json\/wp\/v2\/media\/5105"}],"wp:attachment":[{"href":"http:\/\/ladental.com.ar\/en\/wp-json\/wp\/v2\/media?parent=5121"}],"wp:term":[{"taxonomy":"category","embeddable":true,"href":"http:\/\/ladental.com.ar\/en\/wp-json\/wp\/v2\/categories?post=5121"},{"taxonomy":"post_tag","embeddable":true,"href":"http:\/\/ladental.com.ar\/en\/wp-json\/wp\/v2\/tags?post=5121"}],"curies":[{"name":"wp","href":"https:\/\/api.w.org\/{rel}","templated":true}]}}