{"id":5329,"date":"2025-10-31T20:03:46","date_gmt":"2025-10-31T17:03:46","guid":{"rendered":"https:\/\/ladental.com.ar\/?p=5329"},"modified":"2025-10-31T20:05:57","modified_gmt":"2025-10-31T17:05:57","slug":"curso-intensivo-de-ortopedia-funcional-de-los-maxilares-y-ortodoncia-interceptiva","status":"publish","type":"post","link":"http:\/\/ladental.com.ar\/en\/curso-intensivo-de-ortopedia-funcional-de-los-maxilares-y-ortodoncia-interceptiva\/","title":{"rendered":"Curso Intensivo de Ortopedia Funcional de los Maxilares y Ortodoncia Interceptiva"},"content":{"rendered":"<h2 class=\"wp-block-heading\">Curso Intensivo de Ortopedia Funcional de los Maxilares y Ortodoncia Interceptiva<\/h2>\n\n\n\n<p><strong>Dictado por la Dra. Luc\u00eda B. Bolasco<\/strong><br>&#x1f4c5; <em>13, 14 y 15 de noviembre<\/em><br>&#x1f4cd; <em>Modalidad presencial con encuentros virtuales previos<\/em><\/p>\n\n\n\n<h3 class=\"wp-block-heading\">Objetivo General<\/h3>\n\n\n\n<p>Este curso te\u00f3rico-pr\u00e1ctico est\u00e1 orientado al diagn\u00f3stico preciso de anomal\u00edas maxilares y la planificaci\u00f3n oportuna del tratamiento. Se busca que los participantes puedan identificar la etiolog\u00eda de las alteraciones y restablecer funciones comprometidas mediante estrategias interceptivas eficaces.<\/p>\n\n\n<div class=\"wp-block-image\">\n<figure class=\"aligncenter size-large is-resized\"><a href=\"http:\/\/ladental.com.ar\/wp-content\/uploads\/2025\/10\/1.jpg\"><img loading=\"lazy\" decoding=\"async\" width=\"819\" height=\"1024\" src=\"http:\/\/ladental.com.ar\/wp-content\/uploads\/2025\/10\/1-819x1024.jpg\" alt=\"\" class=\"wp-image-5182\" style=\"width:386px;height:auto\" srcset=\"http:\/\/ladental.com.ar\/wp-content\/uploads\/2025\/10\/1-819x1024.jpg 819w, http:\/\/ladental.com.ar\/wp-content\/uploads\/2025\/10\/1-240x300.jpg 240w, http:\/\/ladental.com.ar\/wp-content\/uploads\/2025\/10\/1-768x960.jpg 768w, http:\/\/ladental.com.ar\/wp-content\/uploads\/2025\/10\/1-10x12.jpg 10w, http:\/\/ladental.com.ar\/wp-content\/uploads\/2025\/10\/1-960x1200.jpg 960w, http:\/\/ladental.com.ar\/wp-content\/uploads\/2025\/10\/1-600x750.jpg 600w, http:\/\/ladental.com.ar\/wp-content\/uploads\/2025\/10\/1-64x80.jpg 64w, http:\/\/ladental.com.ar\/wp-content\/uploads\/2025\/10\/1.jpg 1080w\" sizes=\"auto, (max-width: 819px) 100vw, 819px\" \/><\/a><\/figure>\n<\/div>\n\n\n<h3 class=\"wp-block-heading\">Estructura del Curso<\/h3>\n\n\n\n<h4 class=\"wp-block-heading\">&#x1f4d8; Modalidad H\u00edbrida<\/h4>\n\n\n\n<ul class=\"wp-block-list\">\n<li><strong>2 d\u00edas y medio presenciales<\/strong><br>Sesiones pr\u00e1cticas intensivas con enfoque cl\u00ednico.<\/li>\n\n\n\n<li><strong>3 encuentros te\u00f3ricos virtuales<\/strong><br>De 2 horas cada uno, orientados a unificar criterios y niveles de formaci\u00f3n.<br>Se podr\u00e1n seguir en vivo o en formato grabado.<\/li>\n<\/ul>\n\n\n\n<h4 class=\"wp-block-heading\">&#x1f50d; Enfoques Principales<\/h4>\n\n\n\n<ul class=\"wp-block-list\">\n<li>Diagn\u00f3stico temprano de alteraciones maxilares.<\/li>\n\n\n\n<li>Planificaci\u00f3n de tratamientos ortop\u00e9dicos funcionales.<\/li>\n\n\n\n<li>Intervenciones interceptivas para corregir funciones alteradas.<\/li>\n\n\n\n<li>Comprensi\u00f3n profunda de la etiolog\u00eda de las anomal\u00edas.<\/li>\n<\/ul>\n\n\n\n<p><\/p>\n\n\n\n<p>Este curso est\u00e1 dise\u00f1ado para profesionales que buscan herramientas precisas para intervenir en etapas clave del desarrollo maxilofacial, con una mirada funcional y preventiva.<\/p>\n\n\n\n<p>\u00bfQuer\u00e9s perfeccionarte en ortopedia funcional y ortodoncia interceptiva? Esta es una oportunidad valiosa para actualizar tus conocimientos de la mano de una referente en el \u00e1rea.<\/p>\n\n\n\n<div class=\"wp-block-buttons is-layout-flex wp-block-buttons-is-layout-flex\">\n<div class=\"wp-block-button\"><a class=\"wp-block-button__link wp-element-button\" href=\"https:\/\/wa.me\/\/5491126412362\">RESERVA TU LUGAR<\/a><\/div>\n<\/div>\n\n\n\n<p><\/p>","protected":false},"excerpt":{"rendered":"<p>Curso Intensivo de Ortopedia Funcional de los Maxilares y Ortodoncia Interceptiva Dictado por la Dra. Luc\u00eda B. Bolasco&#x1f4c5; 13, 14 y 15 de noviembre&#x1f4cd; Modalidad presencial con encuentros virtuales previos Objetivo General Este curso te\u00f3rico-pr\u00e1ctico est\u00e1 orientado al diagn\u00f3stico preciso de anomal\u00edas maxilares y la planificaci\u00f3n oportuna del tratamiento. Se busca que los participantes puedan [&hellip;]<\/p>\n","protected":false},"author":2,"featured_media":0,"comment_status":"open","ping_status":"open","sticky":false,"template":"","format":"standard","meta":{"footnotes":""},"categories":[1],"tags":[],"class_list":["post-5329","post","type-post","status-publish","format-standard","hentry","category-sin-categoria"],"yoast_head":"<!-- This site is optimized with the Yoast SEO plugin v27.5 - https:\/\/yoast.com\/product\/yoast-seo-wordpress\/ -->\n<title>Curso Intensivo de Ortopedia Funcional de los Maxilares y Ortodoncia Interceptiva - LA DENTAL<\/title>\n<meta name=\"robots\" content=\"index, follow, max-snippet:-1, max-image-preview:large, max-video-preview:-1\" \/>\n<link rel=\"canonical\" href=\"http:\/\/ladental.com.ar\/en\/curso-intensivo-de-ortopedia-funcional-de-los-maxilares-y-ortodoncia-interceptiva\/\" \/>\n<meta property=\"og:locale\" content=\"en_GB\" \/>\n<meta property=\"og:type\" content=\"article\" \/>\n<meta property=\"og:title\" content=\"Curso Intensivo de Ortopedia Funcional de los Maxilares y Ortodoncia Interceptiva - LA DENTAL\" \/>\n<meta property=\"og:description\" content=\"Curso Intensivo de Ortopedia Funcional de los Maxilares y Ortodoncia Interceptiva Dictado por la Dra. Luc\u00eda B. Bolasco&#x1f4c5; 13, 14 y 15 de noviembre&#x1f4cd; Modalidad presencial con encuentros virtuales previos Objetivo General Este curso te\u00f3rico-pr\u00e1ctico est\u00e1 orientado al diagn\u00f3stico preciso de anomal\u00edas maxilares y la planificaci\u00f3n oportuna del tratamiento. Se busca que los participantes puedan [&hellip;]\" \/>\n<meta property=\"og:url\" content=\"http:\/\/ladental.com.ar\/en\/curso-intensivo-de-ortopedia-funcional-de-los-maxilares-y-ortodoncia-interceptiva\/\" \/>\n<meta property=\"og:site_name\" content=\"LA DENTAL\" \/>\n<meta property=\"article:published_time\" content=\"2025-10-31T17:03:46+00:00\" \/>\n<meta property=\"article:modified_time\" content=\"2025-10-31T17:05:57+00:00\" \/>\n<meta property=\"og:image\" content=\"http:\/\/ladental.com.ar\/wp-content\/uploads\/2025\/10\/1-819x1024.jpg\" \/>\n<meta name=\"author\" content=\"ladental\" \/>\n<meta name=\"twitter:card\" content=\"summary_large_image\" \/>\n<meta name=\"twitter:label1\" content=\"Written by\" \/>\n\t<meta name=\"twitter:data1\" content=\"ladental\" \/>\n\t<meta name=\"twitter:label2\" content=\"Estimated reading time\" \/>\n\t<meta name=\"twitter:data2\" content=\"1 minute\" \/>\n<script type=\"application\/ld+json\" class=\"yoast-schema-graph\">{\"@context\":\"https:\\\/\\\/schema.org\",\"@graph\":[{\"@type\":\"Article\",\"@id\":\"http:\\\/\\\/ladental.com.ar\\\/curso-intensivo-de-ortopedia-funcional-de-los-maxilares-y-ortodoncia-interceptiva\\\/#article\",\"isPartOf\":{\"@id\":\"http:\\\/\\\/ladental.com.ar\\\/curso-intensivo-de-ortopedia-funcional-de-los-maxilares-y-ortodoncia-interceptiva\\\/\"},\"author\":{\"name\":\"ladental\",\"@id\":\"http:\\\/\\\/ladental.com.ar\\\/#\\\/schema\\\/person\\\/c5dda3a703dd2fe6ff4421897a85bc76\"},\"headline\":\"Curso Intensivo de Ortopedia Funcional de los Maxilares y Ortodoncia Interceptiva\",\"datePublished\":\"2025-10-31T17:03:46+00:00\",\"dateModified\":\"2025-10-31T17:05:57+00:00\",\"mainEntityOfPage\":{\"@id\":\"http:\\\/\\\/ladental.com.ar\\\/curso-intensivo-de-ortopedia-funcional-de-los-maxilares-y-ortodoncia-interceptiva\\\/\"},\"wordCount\":229,\"commentCount\":0,\"publisher\":{\"@id\":\"http:\\\/\\\/ladental.com.ar\\\/#organization\"},\"image\":{\"@id\":\"http:\\\/\\\/ladental.com.ar\\\/curso-intensivo-de-ortopedia-funcional-de-los-maxilares-y-ortodoncia-interceptiva\\\/#primaryimage\"},\"thumbnailUrl\":\"http:\\\/\\\/ladental.com.ar\\\/wp-content\\\/uploads\\\/2025\\\/10\\\/1-819x1024.jpg\",\"articleSection\":[\"Sin categor\u00eda\"],\"inLanguage\":\"en-GB\",\"potentialAction\":[{\"@type\":\"CommentAction\",\"name\":\"Comment\",\"target\":[\"http:\\\/\\\/ladental.com.ar\\\/curso-intensivo-de-ortopedia-funcional-de-los-maxilares-y-ortodoncia-interceptiva\\\/#respond\"]}]},{\"@type\":\"WebPage\",\"@id\":\"http:\\\/\\\/ladental.com.ar\\\/curso-intensivo-de-ortopedia-funcional-de-los-maxilares-y-ortodoncia-interceptiva\\\/\",\"url\":\"http:\\\/\\\/ladental.com.ar\\\/curso-intensivo-de-ortopedia-funcional-de-los-maxilares-y-ortodoncia-interceptiva\\\/\",\"name\":\"Curso Intensivo de Ortopedia Funcional de los Maxilares y Ortodoncia Interceptiva - LA DENTAL\",\"isPartOf\":{\"@id\":\"http:\\\/\\\/ladental.com.ar\\\/#website\"},\"primaryImageOfPage\":{\"@id\":\"http:\\\/\\\/ladental.com.ar\\\/curso-intensivo-de-ortopedia-funcional-de-los-maxilares-y-ortodoncia-interceptiva\\\/#primaryimage\"},\"image\":{\"@id\":\"http:\\\/\\\/ladental.com.ar\\\/curso-intensivo-de-ortopedia-funcional-de-los-maxilares-y-ortodoncia-interceptiva\\\/#primaryimage\"},\"thumbnailUrl\":\"http:\\\/\\\/ladental.com.ar\\\/wp-content\\\/uploads\\\/2025\\\/10\\\/1-819x1024.jpg\",\"datePublished\":\"2025-10-31T17:03:46+00:00\",\"dateModified\":\"2025-10-31T17:05:57+00:00\",\"breadcrumb\":{\"@id\":\"http:\\\/\\\/ladental.com.ar\\\/curso-intensivo-de-ortopedia-funcional-de-los-maxilares-y-ortodoncia-interceptiva\\\/#breadcrumb\"},\"inLanguage\":\"en-GB\",\"potentialAction\":[{\"@type\":\"ReadAction\",\"target\":[\"http:\\\/\\\/ladental.com.ar\\\/curso-intensivo-de-ortopedia-funcional-de-los-maxilares-y-ortodoncia-interceptiva\\\/\"]}]},{\"@type\":\"ImageObject\",\"inLanguage\":\"en-GB\",\"@id\":\"http:\\\/\\\/ladental.com.ar\\\/curso-intensivo-de-ortopedia-funcional-de-los-maxilares-y-ortodoncia-interceptiva\\\/#primaryimage\",\"url\":\"http:\\\/\\\/ladental.com.ar\\\/wp-content\\\/uploads\\\/2025\\\/10\\\/1-819x1024.jpg\",\"contentUrl\":\"http:\\\/\\\/ladental.com.ar\\\/wp-content\\\/uploads\\\/2025\\\/10\\\/1-819x1024.jpg\"},{\"@type\":\"BreadcrumbList\",\"@id\":\"http:\\\/\\\/ladental.com.ar\\\/curso-intensivo-de-ortopedia-funcional-de-los-maxilares-y-ortodoncia-interceptiva\\\/#breadcrumb\",\"itemListElement\":[{\"@type\":\"ListItem\",\"position\":1,\"name\":\"Portada\",\"item\":\"http:\\\/\\\/ladental.com.ar\\\/\"},{\"@type\":\"ListItem\",\"position\":2,\"name\":\"Curso Intensivo de Ortopedia Funcional de los Maxilares y Ortodoncia Interceptiva\"}]},{\"@type\":\"WebSite\",\"@id\":\"http:\\\/\\\/ladental.com.ar\\\/#website\",\"url\":\"http:\\\/\\\/ladental.com.ar\\\/\",\"name\":\"LA DENTAL\",\"description\":\"TECNOLOG\u00cdA EN INSUMOS ODONTOL\u00d3GICOS\",\"publisher\":{\"@id\":\"http:\\\/\\\/ladental.com.ar\\\/#organization\"},\"potentialAction\":[{\"@type\":\"SearchAction\",\"target\":{\"@type\":\"EntryPoint\",\"urlTemplate\":\"http:\\\/\\\/ladental.com.ar\\\/?s={search_term_string}\"},\"query-input\":{\"@type\":\"PropertyValueSpecification\",\"valueRequired\":true,\"valueName\":\"search_term_string\"}}],\"inLanguage\":\"en-GB\"},{\"@type\":\"Organization\",\"@id\":\"http:\\\/\\\/ladental.com.ar\\\/#organization\",\"name\":\"LA DENTAL SRL\",\"url\":\"http:\\\/\\\/ladental.com.ar\\\/\",\"logo\":{\"@type\":\"ImageObject\",\"inLanguage\":\"en-GB\",\"@id\":\"http:\\\/\\\/ladental.com.ar\\\/#\\\/schema\\\/logo\\\/image\\\/\",\"url\":\"https:\\\/\\\/ladental.com.ar\\\/wp-content\\\/uploads\\\/2021\\\/10\\\/logocolor.png\",\"contentUrl\":\"https:\\\/\\\/ladental.com.ar\\\/wp-content\\\/uploads\\\/2021\\\/10\\\/logocolor.png\",\"width\":1276,\"height\":829,\"caption\":\"LA DENTAL SRL\"},\"image\":{\"@id\":\"http:\\\/\\\/ladental.com.ar\\\/#\\\/schema\\\/logo\\\/image\\\/\"}},{\"@type\":\"Person\",\"@id\":\"http:\\\/\\\/ladental.com.ar\\\/#\\\/schema\\\/person\\\/c5dda3a703dd2fe6ff4421897a85bc76\",\"name\":\"ladental\",\"image\":{\"@type\":\"ImageObject\",\"inLanguage\":\"en-GB\",\"@id\":\"https:\\\/\\\/secure.gravatar.com\\\/avatar\\\/3f6d1c8e96d5df8231356e9eb346b58b609c62eb83049613dd809005db905593?s=96&d=mm&r=g\",\"url\":\"https:\\\/\\\/secure.gravatar.com\\\/avatar\\\/3f6d1c8e96d5df8231356e9eb346b58b609c62eb83049613dd809005db905593?s=96&d=mm&r=g\",\"contentUrl\":\"https:\\\/\\\/secure.gravatar.com\\\/avatar\\\/3f6d1c8e96d5df8231356e9eb346b58b609c62eb83049613dd809005db905593?s=96&d=mm&r=g\",\"caption\":\"ladental\"}}]}<\/script>\n<!-- \/ Yoast SEO plugin. -->","yoast_head_json":{"title":"Curso Intensivo de Ortopedia Funcional de los Maxilares y Ortodoncia Interceptiva - LA DENTAL","robots":{"index":"index","follow":"follow","max-snippet":"max-snippet:-1","max-image-preview":"max-image-preview:large","max-video-preview":"max-video-preview:-1"},"canonical":"http:\/\/ladental.com.ar\/en\/curso-intensivo-de-ortopedia-funcional-de-los-maxilares-y-ortodoncia-interceptiva\/","og_locale":"en_GB","og_type":"article","og_title":"Curso Intensivo de Ortopedia Funcional de los Maxilares y Ortodoncia Interceptiva - LA DENTAL","og_description":"Curso Intensivo de Ortopedia Funcional de los Maxilares y Ortodoncia Interceptiva Dictado por la Dra. Luc\u00eda B. Bolasco&#x1f4c5; 13, 14 y 15 de noviembre&#x1f4cd; Modalidad presencial con encuentros virtuales previos Objetivo General Este curso te\u00f3rico-pr\u00e1ctico est\u00e1 orientado al diagn\u00f3stico preciso de anomal\u00edas maxilares y la planificaci\u00f3n oportuna del tratamiento. Se busca que los participantes puedan [&hellip;]","og_url":"http:\/\/ladental.com.ar\/en\/curso-intensivo-de-ortopedia-funcional-de-los-maxilares-y-ortodoncia-interceptiva\/","og_site_name":"LA DENTAL","article_published_time":"2025-10-31T17:03:46+00:00","article_modified_time":"2025-10-31T17:05:57+00:00","og_image":[{"url":"http:\/\/ladental.com.ar\/wp-content\/uploads\/2025\/10\/1-819x1024.jpg","type":"","width":"","height":""}],"author":"ladental","twitter_card":"summary_large_image","twitter_misc":{"Written by":"ladental","Estimated reading time":"1 minute"},"schema":{"@context":"https:\/\/schema.org","@graph":[{"@type":"Article","@id":"http:\/\/ladental.com.ar\/curso-intensivo-de-ortopedia-funcional-de-los-maxilares-y-ortodoncia-interceptiva\/#article","isPartOf":{"@id":"http:\/\/ladental.com.ar\/curso-intensivo-de-ortopedia-funcional-de-los-maxilares-y-ortodoncia-interceptiva\/"},"author":{"name":"ladental","@id":"http:\/\/ladental.com.ar\/#\/schema\/person\/c5dda3a703dd2fe6ff4421897a85bc76"},"headline":"Curso Intensivo de Ortopedia Funcional de los Maxilares y Ortodoncia Interceptiva","datePublished":"2025-10-31T17:03:46+00:00","dateModified":"2025-10-31T17:05:57+00:00","mainEntityOfPage":{"@id":"http:\/\/ladental.com.ar\/curso-intensivo-de-ortopedia-funcional-de-los-maxilares-y-ortodoncia-interceptiva\/"},"wordCount":229,"commentCount":0,"publisher":{"@id":"http:\/\/ladental.com.ar\/#organization"},"image":{"@id":"http:\/\/ladental.com.ar\/curso-intensivo-de-ortopedia-funcional-de-los-maxilares-y-ortodoncia-interceptiva\/#primaryimage"},"thumbnailUrl":"http:\/\/ladental.com.ar\/wp-content\/uploads\/2025\/10\/1-819x1024.jpg","articleSection":["Sin categor\u00eda"],"inLanguage":"en-GB","potentialAction":[{"@type":"CommentAction","name":"Comment","target":["http:\/\/ladental.com.ar\/curso-intensivo-de-ortopedia-funcional-de-los-maxilares-y-ortodoncia-interceptiva\/#respond"]}]},{"@type":"WebPage","@id":"http:\/\/ladental.com.ar\/curso-intensivo-de-ortopedia-funcional-de-los-maxilares-y-ortodoncia-interceptiva\/","url":"http:\/\/ladental.com.ar\/curso-intensivo-de-ortopedia-funcional-de-los-maxilares-y-ortodoncia-interceptiva\/","name":"Curso Intensivo de Ortopedia Funcional de los Maxilares y Ortodoncia Interceptiva - LA DENTAL","isPartOf":{"@id":"http:\/\/ladental.com.ar\/#website"},"primaryImageOfPage":{"@id":"http:\/\/ladental.com.ar\/curso-intensivo-de-ortopedia-funcional-de-los-maxilares-y-ortodoncia-interceptiva\/#primaryimage"},"image":{"@id":"http:\/\/ladental.com.ar\/curso-intensivo-de-ortopedia-funcional-de-los-maxilares-y-ortodoncia-interceptiva\/#primaryimage"},"thumbnailUrl":"http:\/\/ladental.com.ar\/wp-content\/uploads\/2025\/10\/1-819x1024.jpg","datePublished":"2025-10-31T17:03:46+00:00","dateModified":"2025-10-31T17:05:57+00:00","breadcrumb":{"@id":"http:\/\/ladental.com.ar\/curso-intensivo-de-ortopedia-funcional-de-los-maxilares-y-ortodoncia-interceptiva\/#breadcrumb"},"inLanguage":"en-GB","potentialAction":[{"@type":"ReadAction","target":["http:\/\/ladental.com.ar\/curso-intensivo-de-ortopedia-funcional-de-los-maxilares-y-ortodoncia-interceptiva\/"]}]},{"@type":"ImageObject","inLanguage":"en-GB","@id":"http:\/\/ladental.com.ar\/curso-intensivo-de-ortopedia-funcional-de-los-maxilares-y-ortodoncia-interceptiva\/#primaryimage","url":"http:\/\/ladental.com.ar\/wp-content\/uploads\/2025\/10\/1-819x1024.jpg","contentUrl":"http:\/\/ladental.com.ar\/wp-content\/uploads\/2025\/10\/1-819x1024.jpg"},{"@type":"BreadcrumbList","@id":"http:\/\/ladental.com.ar\/curso-intensivo-de-ortopedia-funcional-de-los-maxilares-y-ortodoncia-interceptiva\/#breadcrumb","itemListElement":[{"@type":"ListItem","position":1,"name":"Portada","item":"http:\/\/ladental.com.ar\/"},{"@type":"ListItem","position":2,"name":"Curso Intensivo de Ortopedia Funcional de los Maxilares y Ortodoncia Interceptiva"}]},{"@type":"WebSite","@id":"http:\/\/ladental.com.ar\/#website","url":"http:\/\/ladental.com.ar\/","name":"LA DENTAL","description":"TECHNOLOGY IN DENTAL PRODUCTS","publisher":{"@id":"http:\/\/ladental.com.ar\/#organization"},"potentialAction":[{"@type":"SearchAction","target":{"@type":"EntryPoint","urlTemplate":"http:\/\/ladental.com.ar\/?s={search_term_string}"},"query-input":{"@type":"PropertyValueSpecification","valueRequired":true,"valueName":"search_term_string"}}],"inLanguage":"en-GB"},{"@type":"Organization","@id":"http:\/\/ladental.com.ar\/#organization","name":"LA DENTAL SRL","url":"http:\/\/ladental.com.ar\/","logo":{"@type":"ImageObject","inLanguage":"en-GB","@id":"http:\/\/ladental.com.ar\/#\/schema\/logo\/image\/","url":"https:\/\/ladental.com.ar\/wp-content\/uploads\/2021\/10\/logocolor.png","contentUrl":"https:\/\/ladental.com.ar\/wp-content\/uploads\/2021\/10\/logocolor.png","width":1276,"height":829,"caption":"LA DENTAL SRL"},"image":{"@id":"http:\/\/ladental.com.ar\/#\/schema\/logo\/image\/"}},{"@type":"Person","@id":"http:\/\/ladental.com.ar\/#\/schema\/person\/c5dda3a703dd2fe6ff4421897a85bc76","name":"ladental","image":{"@type":"ImageObject","inLanguage":"en-GB","@id":"https:\/\/secure.gravatar.com\/avatar\/3f6d1c8e96d5df8231356e9eb346b58b609c62eb83049613dd809005db905593?s=96&d=mm&r=g","url":"https:\/\/secure.gravatar.com\/avatar\/3f6d1c8e96d5df8231356e9eb346b58b609c62eb83049613dd809005db905593?s=96&d=mm&r=g","contentUrl":"https:\/\/secure.gravatar.com\/avatar\/3f6d1c8e96d5df8231356e9eb346b58b609c62eb83049613dd809005db905593?s=96&d=mm&r=g","caption":"ladental"}}]}},"_links":{"self":[{"href":"http:\/\/ladental.com.ar\/en\/wp-json\/wp\/v2\/posts\/5329","targetHints":{"allow":["GET"]}}],"collection":[{"href":"http:\/\/ladental.com.ar\/en\/wp-json\/wp\/v2\/posts"}],"about":[{"href":"http:\/\/ladental.com.ar\/en\/wp-json\/wp\/v2\/types\/post"}],"author":[{"embeddable":true,"href":"http:\/\/ladental.com.ar\/en\/wp-json\/wp\/v2\/users\/2"}],"replies":[{"embeddable":true,"href":"http:\/\/ladental.com.ar\/en\/wp-json\/wp\/v2\/comments?post=5329"}],"version-history":[{"count":2,"href":"http:\/\/ladental.com.ar\/en\/wp-json\/wp\/v2\/posts\/5329\/revisions"}],"predecessor-version":[{"id":5333,"href":"http:\/\/ladental.com.ar\/en\/wp-json\/wp\/v2\/posts\/5329\/revisions\/5333"}],"wp:attachment":[{"href":"http:\/\/ladental.com.ar\/en\/wp-json\/wp\/v2\/media?parent=5329"}],"wp:term":[{"taxonomy":"category","embeddable":true,"href":"http:\/\/ladental.com.ar\/en\/wp-json\/wp\/v2\/categories?post=5329"},{"taxonomy":"post_tag","embeddable":true,"href":"http:\/\/ladental.com.ar\/en\/wp-json\/wp\/v2\/tags?post=5329"}],"curies":[{"name":"wp","href":"https:\/\/api.w.org\/{rel}","templated":true}]}}